[{"@context":"https:\/\/schema.org\/","@type":"Article","@id":"https:\/\/www.arnnex.cz\/co-vlastne-nekteri-slavime-8-brezna\/#Article","mainEntityOfPage":"https:\/\/www.arnnex.cz\/co-vlastne-nekteri-slavime-8-brezna\/","headline":"Co vlastn\u011b (n\u011bkte\u0159\u00ed) slav\u00edme 8. b\u0159ezna?","name":"Co vlastn\u011b (n\u011bkte\u0159\u00ed) slav\u00edme 8. b\u0159ezna?","description":"Velk\u00e9 shrom\u00e1\u017ed\u011bn\u00ed newyorsk\u00fdch \u0161vadlen s\u00a0po\u017eadavkem volebn\u00edho pr\u00e1va inspirovalo o dva roky pozd\u011bji n\u011bmeckou levicovou aktivistku Klaru \u00a0Zetkinovou na sjezdu Druh\u00e9 internacion\u00e1ly k\u00a0prosazen\u00ed ka\u017edoro\u010dn\u00edch oslav sv\u00e1tku \u017een i do Evropy. \u010cesk\u00e9 zem\u011b byly mezi prvn\u00ed hrstkou zem\u00ed, kde se sv\u00e1tek za\u010dal slavit. Po\u010d\u00ednaj\u00edc\u00ed tradici nep\u0159eru\u0161ila ani p\u0159edmnichovsk\u00e1 republika a po v\u00e1lce se revolu\u010dn\u00ed podtext sv\u00e1tku \u017een &hellip; <div class=\"link-more\"><a href=\"https:\/\/www.arnnex.cz\/co-vlastne-nekteri-slavime-8-brezna\/\" class=\"more-link\">Read More<span class=\"screen-reader-text\"> \"Co vlastn\u011b (n\u011bkte\u0159\u00ed) slav\u00edme 8. b\u0159ezna?\"<\/span><\/a><\/div>","datePublished":"2020-03-01","dateModified":"2023-05-02","author":{"@type":"Person","@id":"https:\/\/www.arnnex.cz\/author\/#Person","name":"","url":"https:\/\/www.arnnex.cz\/author\/","identifier":1,"image":{"@type":"ImageObject","@id":"https:\/\/secure.gravatar.com\/avatar\/f3f77307dfb7a1a6ad06d8ef95ed6ed296a0507575d3814dc8c8630c3a7fa477?s=96&d=mm&r=g","url":"https:\/\/secure.gravatar.com\/avatar\/f3f77307dfb7a1a6ad06d8ef95ed6ed296a0507575d3814dc8c8630c3a7fa477?s=96&d=mm&r=g","height":96,"width":96}},"publisher":{"@type":"Organization","name":"arnnex.cz","logo":{"@type":"ImageObject","@id":"\/logo.png","url":"\/logo.png","width":600,"height":60}},"image":{"@type":"ImageObject","@id":"https:\/\/www.arnnex.cz\/wp-content\/uploads\/img_a372552_w4387_t1583996898.jpg","url":"https:\/\/www.arnnex.cz\/wp-content\/uploads\/img_a372552_w4387_t1583996898.jpg","height":0,"width":0},"url":"https:\/\/www.arnnex.cz\/co-vlastne-nekteri-slavime-8-brezna\/","about":["Politika"],"wordCount":452,"articleBody":"Velk\u00e9 shrom\u00e1\u017ed\u011bn\u00ed newyorsk\u00fdch \u0161vadlen s\u00a0po\u017eadavkem volebn\u00edho pr\u00e1va inspirovalo o dva roky pozd\u011bji n\u011bmeckou levicovou aktivistku Klaru \u00a0Zetkinovou na sjezdu Druh\u00e9 internacion\u00e1ly k\u00a0prosazen\u00ed ka\u017edoro\u010dn\u00edch oslav sv\u00e1tku \u017een i do Evropy. \u010cesk\u00e9 zem\u011b byly mezi prvn\u00ed hrstkou zem\u00ed, kde se sv\u00e1tek za\u010dal slavit. Po\u010d\u00ednaj\u00edc\u00ed tradici nep\u0159eru\u0161ila ani p\u0159edmnichovsk\u00e1 republika a po v\u00e1lce se revolu\u010dn\u00ed podtext sv\u00e1tku \u017een nastupuj\u00edc\u00ed komunistick\u00e9 moci velmi hodil do kr\u00e1mu. Oslavy Mezin\u00e1rodn\u00edho dne \u017een byly v\u017edy pojaty velkolep\u011b a\u017e pomp\u00e9zn\u011b s\u00a0pat\u0159i\u010dn\u00fdm ideologick\u00fdm n\u00e1t\u011brem. Osm\u00e9mu b\u0159eznu ka\u017edoro\u010dn\u011b dominovaly rud\u00e9 karafi\u00e1ty a b\u00e1sni\u010dky p\u0159edn\u00e1\u0161en\u00e9 pion\u00fdry. Pion\u00fdr byla v\u00a0obdob\u00ed komunistick\u00e9 totality d\u011btsk\u00e1 organizace, kter\u00e1 mas\u00edrovala marxismem leninismem jeho \u010dleny od \u00fatl\u00e9ho d\u011btstv\u00ed. Re\u017eimu se zkr\u00e1tka sv\u00e1tek \u017een poda\u0159ilo dehonestovat takov\u00fdm zp\u016fsobem, \u017ee byl nez\u0159\u00eddka vn\u00edm\u00e1n v\u00edce jako p\u0159\u00edle\u017eitost pro papal\u00e1\u0161e po\u0159\u00e1dn\u011b se op\u00edt, ani\u017e by v\u00fdznamn\u011bji hrozilo brbl\u00e1n\u00ed od soudru\u017eky man\u017eelky. I z\u00a0toho d\u016fvodu se o mezin\u00e1rodn\u00edm dni \u017een mnohdy a mnohde hovo\u0159ilo s\u00a0neskr\u00fdvan\u00fdm despektem a mnoz\u00ed mu\u017ei vzd\u00e1vali hold \u017een\u00e1m (op\u011bt podle americk\u00e9 tradice) druhou kv\u011btnovou ned\u011bli na Den matek. Komunistick\u00e1 moc tento alternativn\u00ed sv\u00e1tek nikterak nezakazovala, ale tak\u00e9 neprosazovala, l\u00e9pe \u0159e\u010deno ignorovala.Mezin\u00e1rodn\u00edho dne \u017een se v\u00a0roce 1975 ujala Organizace spojen\u00fdch n\u00e1rod\u016f, kter\u00e1 ho uznala jako p\u0159ipom\u00ednku mezin\u00e1rodn\u00ed solidarity \u017een za rovnopr\u00e1vnost, spravedlnost, m\u00edr a rozvoj. V\u00a0\u010cesk\u00e9 republice pat\u0159\u00ed MD\u017d od roku 2004 mezi v\u00fdznamn\u00e9 dny. Nen\u00ed ofici\u00e1ln\u011b adorov\u00e1n, v\u0161e je ponech\u00e1no na v\u016fli a vkusu jednotlivce. Pachu\u0165 komunistick\u00fdch osm\u00fdch b\u0159ezn\u016f i po t\u0159iceti letech u n\u011bkoho p\u0159etrv\u00e1v\u00e1, jin\u00fd a jin\u00e9 ch\u00e1pou MD\u017d jako vhodnou p\u0159\u00edle\u017eitost k\u00a0recesistick\u00e9 ta\u0161ka\u0159ici, n\u011bkdo vzal sv\u00e1tek \u017een na milost s\u00a0plnou v\u00e1\u017enost\u00ed. V\u00a0posledn\u00ed genderov\u011b citliv\u00e9 dob\u011b jsou ale sly\u0161et i n\u00e1zory, \u017ee oslava Mezin\u00e1rodn\u00edho dne \u017een je faktick\u00fdm p\u0159ijet\u00edm um\u011ble vytvo\u0159en\u00e9ho rozd\u00edlu mezi mu\u017ei a \u017eenami. V\u0161eobecn\u00e9 p\u0159ijet\u00ed t\u00e9to teorie by patrn\u011b p\u0159edznamenalo z\u00e1nik Mezin\u00e1rodn\u00edho dne \u017een. Boj\u00edm se domyslet, jak\u00fd osud by potkal Den mu\u017e\u016f, p\u0159ipadaj\u00edc\u00ed na 19. listopadu a n\u00e1\u0161 \u010desk\u00fd Den otc\u016f t\u0159et\u00ed \u010dervnovou ned\u011bli\u2026 \u00a0\u00a0\u00a0\u00a0                                                                                                                                                                                                                                                                                                                                                                                        4.2\/5 - (9 votes)        "},{"@context":"https:\/\/schema.org\/","@type":"BreadcrumbList","itemListElement":[{"@type":"ListItem","position":1,"name":"Co vlastn\u011b (n\u011bkte\u0159\u00ed) slav\u00edme 8. b\u0159ezna?","item":"https:\/\/www.arnnex.cz\/co-vlastne-nekteri-slavime-8-brezna\/#breadcrumbitem"}]}]