[{"@context":"https:\/\/schema.org\/","@type":"Article","@id":"https:\/\/www.arnnex.cz\/jaky-je-rozdil-mezi-kmenovymi-a-agenturnimi-zamestnanci\/#Article","mainEntityOfPage":"https:\/\/www.arnnex.cz\/jaky-je-rozdil-mezi-kmenovymi-a-agenturnimi-zamestnanci\/","headline":"Jak\u00fd je rozd\u00edl mezi kmenov\u00fdmi a agenturn\u00edmi zam\u011bstnanci","name":"Jak\u00fd je rozd\u00edl mezi kmenov\u00fdmi a agenturn\u00edmi zam\u011bstnanci","description":"Agenturn\u00ed zam\u011bstn\u00e1v\u00e1n\u00ed p\u0159edstavuje obl\u00edbenou formu zam\u011bstn\u00e1n\u00ed. Jak\u00fd je mezi agenturn\u00edmi a tzv. kmenov\u00fdmi pracovn\u00edky rozd\u00edl? Co je principem agenturn\u00edho zam\u011bstn\u00e1v\u00e1n\u00ed? P\u0159i agenturn\u00edm zam\u011bstn\u00e1v\u00e1n\u00ed p\u0159id\u011bluje agentura vlastn\u00ed zam\u011bstnance do\u010dasn\u011b k v\u00fdkonu pr\u00e1ce u jin\u00e9 fyzick\u00e9 nebo pr\u00e1vnick\u00e9 osoby. K agenturn\u00edmu zam\u011bstn\u00e1v\u00e1n\u00ed mohou b\u00fdt p\u0159id\u011blov\u00e1ni i cizinci, a to ji\u017e od roku 2017 bez v\u00fdjimek. Podle Ministerstva &hellip; <div class=\"link-more\"><a href=\"https:\/\/www.arnnex.cz\/jaky-je-rozdil-mezi-kmenovymi-a-agenturnimi-zamestnanci\/\" class=\"more-link\">Read More<span class=\"screen-reader-text\"> \"Jak\u00fd je rozd\u00edl mezi kmenov\u00fdmi a agenturn\u00edmi zam\u011bstnanci\"<\/span><\/a><\/div>","datePublished":"2021-12-24","dateModified":"2023-05-02","author":{"@type":"Person","@id":"https:\/\/www.arnnex.cz\/author\/#Person","name":"","url":"https:\/\/www.arnnex.cz\/author\/","identifier":1,"image":{"@type":"ImageObject","@id":"https:\/\/secure.gravatar.com\/avatar\/f3f77307dfb7a1a6ad06d8ef95ed6ed296a0507575d3814dc8c8630c3a7fa477?s=96&d=mm&r=g","url":"https:\/\/secure.gravatar.com\/avatar\/f3f77307dfb7a1a6ad06d8ef95ed6ed296a0507575d3814dc8c8630c3a7fa477?s=96&d=mm&r=g","height":96,"width":96}},"publisher":{"@type":"Organization","name":"arnnex.cz","logo":{"@type":"ImageObject","@id":"\/logo.png","url":"\/logo.png","width":600,"height":60}},"image":{"@type":"ImageObject","@id":"https:\/\/www.arnnex.cz\/wp-content\/uploads\/agenturni_zamestnavani_1cuJF7.jpg","url":"https:\/\/www.arnnex.cz\/wp-content\/uploads\/agenturni_zamestnavani_1cuJF7.jpg","height":0,"width":0},"url":"https:\/\/www.arnnex.cz\/jaky-je-rozdil-mezi-kmenovymi-a-agenturnimi-zamestnanci\/","about":["Podnik\u00e1n\u00ed"],"wordCount":653,"articleBody":"         Agenturn\u00ed zam\u011bstn\u00e1v\u00e1n\u00ed p\u0159edstavuje obl\u00edbenou formu zam\u011bstn\u00e1n\u00ed. Jak\u00fd je mezi agenturn\u00edmi a tzv. kmenov\u00fdmi pracovn\u00edky rozd\u00edl?  Co je principem agenturn\u00edho zam\u011bstn\u00e1v\u00e1n\u00ed? P\u0159i agenturn\u00edm zam\u011bstn\u00e1v\u00e1n\u00ed p\u0159id\u011bluje agentura vlastn\u00ed zam\u011bstnance do\u010dasn\u011b k v\u00fdkonu pr\u00e1ce u jin\u00e9 fyzick\u00e9 nebo pr\u00e1vnick\u00e9 osoby. K agenturn\u00edmu zam\u011bstn\u00e1v\u00e1n\u00ed mohou b\u00fdt p\u0159id\u011blov\u00e1ni i cizinci, a to ji\u017e od roku 2017 bez v\u00fdjimek. Podle Ministerstva pr\u00e1ce a soci\u00e1ln\u00edch v\u011bc\u00ed \u010cesk\u00e9 republiky se tak mohou tohoto typu zam\u011bstn\u00e1v\u00e1n\u00ed \u00fa\u010dastnit tak\u00e9:  ob\u010dan\u00e9 EU a jejich rodinn\u00ed p\u0159\u00edslu\u0161n\u00edci cizinci, kte\u0159\u00ed maj\u00ed voln\u00fd p\u0159\u00edstup na trh pr\u00e1ce dr\u017eitel\u00e9 povolen\u00ed k zam\u011bstn\u00e1n\u00ed (a opr\u00e1vn\u011bn\u00ed k pobytu), dr\u017eitel\u00e9 zam\u011bstnaneck\u00e9 karty, modr\u00e9 karty nebo karty vnitropodnikov\u011b p\u0159eveden\u00e9ho zam\u011bstnance Toto\u017en\u00e9ho zam\u011bstnance je v\u0161ak mo\u017en\u00e9 p\u0159id\u011blit ke shodn\u00e9mu u\u017eivateli nejd\u00e9le na dobu 12 kalend\u00e1\u0159n\u00edch m\u011bs\u00edc\u016f po sob\u011b jdouc\u00edch.    Agenturn\u00ed zam\u011bstn\u00e1v\u00e1n\u00ed v praxi a jeho v\u00fdhody Agenturn\u00ed zam\u011bstn\u00e1v\u00e1n\u00ed je mo\u017en\u00e9 pro \u0159adu obor\u016f. Agentura z\u00e1rove\u0148 zodpov\u00edd\u00e1 za to, \u017ee zam\u011bstnanec m\u00e1 pro sv\u016fj obor adekv\u00e1tn\u00ed kvalifikaci. Prakticky je mo\u017en\u00e9 zam\u011bstnat zam\u011bstnance na dohodu o pracovn\u00ed \u010dinnosti nebo na klasickou pracovn\u00ed smlouvu. P\u0159id\u011blen\u00ed na z\u00e1klad\u011b dohody o proveden\u00ed pr\u00e1ce v\u0161ak, pozor, st\u00e1vaj\u00edc\u00edm z\u00e1kon\u00edkem pr\u00e1ce dovoleno nen\u00ed. Mezi samotnou agenturou a koncov\u00fdm zam\u011bstnavatelem (u\u017eivatelem) se pak uzav\u00edr\u00e1 dohoda o tzv. do\u010dasn\u00e9m p\u0159id\u011blen\u00ed. V\u00fdhodou agenturn\u00edho zam\u011bstn\u00e1v\u00e1n\u00ed je i mo\u017enost obsadit i jinak obt\u00ed\u017en\u011b naplniteln\u00e1 pracovn\u00ed m\u00edsta. Stejn\u011b tak lze t\u00edmto zp\u016fsobem efektivn\u011b pokr\u00fdt pozice v okam\u017eiku moment\u00e1ln\u011b zv\u00fd\u0161en\u00e9 popt\u00e1vky. V\u00fdhodou je nejen flexibilita, ale i \u00faspora \u010dasu a n\u00e1klad\u016f. Ve\u0161ker\u00e9 povinnosti souvisej\u00edc\u00ed s v\u00fdb\u011brov\u00fdm \u0159\u00edzen\u00edm nese pr\u00e1v\u011b pracovn\u00ed agentura. To p\u0159in\u00e1\u0161\u00ed v\u00fdhody zejm\u00e9na p\u0159i agenturn\u00edm zam\u011bstn\u00e1v\u00e1n\u00ed cizinc\u016f. Ten pot\u0159ebuje pracovn\u00ed povolen\u00ed (pracovn\u00ed v\u00edzum) a povolen\u00ed k pobytu. Zam\u011bstn\u00e1v\u00e1n\u00ed cizinc\u016f je tak v praxi pom\u011brn\u011b komplikovan\u00e9, av\u0161ak v praxi \u010dasto jedin\u00e9 nezbytn\u00e9 \u0159e\u0161en\u00ed.  Jak\u00fd je rozd\u00edl mezi zam\u011bstnancem kmenov\u00fdm a agenturn\u00edm Agenturn\u00ed zam\u011bstnanec m\u00e1 shodn\u00e1 pr\u00e1va jako pracovn\u00edk kmenov\u00fd. V prvn\u00ed \u0159ad\u011b tak m\u00e1 takov\u00fdto pracovn\u00edk jednozna\u010dn\u011b n\u00e1rok na toto\u017enou v\u00fd\u0161i mzdy.  Stejn\u00e9 musej\u00ed b\u00fdt i pracovn\u00ed podm\u00ednky tohoto pracovn\u00edka. Zam\u011bstnanec m\u00e1 tedy pr\u00e1vo na rovn\u00e9 zach\u00e1zen\u00ed. Pokud by narazil na nevyhovuj\u00edc\u00ed zach\u00e1zen\u00ed, m\u00e1 pr\u00e1vo se u agentury dom\u00e1hat n\u00e1pravy tohoto stavu. P\u0159\u00edpadn\u00fd postih ve form\u011b pokuty za nerovn\u00e9 mzdov\u00e9 podm\u00ednky se nicm\u00e9n\u011b nedotkne pouze pracovn\u00ed agentury, ale i samotn\u00e9ho u\u017eivatele. Z praxe tak je mo\u017en\u00e9 uv\u00e9st, \u017ee agenturn\u00ed zam\u011bstnanec m\u00e1 jednozna\u010dn\u011b n\u00e1rok i na adekv\u00e1tn\u011b dlouhou dovolenou. Ve v\u00fdkladu tuzemsk\u00e9 legislativn\u00ed \u00fapravy v\u0161ak st\u00e1le v tomto typu zam\u011bstn\u00e1v\u00e1n\u00ed vznikaj\u00ed i ur\u010dit\u00e9 nejasnosti a zat\u00edm je tak sporn\u00e1 nap\u0159\u00edklad oblast z\u00e1vodn\u00edho stravov\u00e1n\u00ed.  Jak\u00e1 \u00faskal\u00ed m\u00e1 agenturn\u00ed zam\u011bstn\u00e1v\u00e1n\u00ed Agenturn\u00ed zam\u011bstn\u00e1v\u00e1n\u00ed p\u0159edstavuje oblast, kter\u00e1 podl\u00e9h\u00e1 v\u00fdrazn\u00e9 regulaci. Agentura ke sv\u00e9 \u010dinnosti pot\u0159ebuje povolen\u00ed ke zprost\u0159edkov\u00e1n\u00ed zam\u011bstn\u00e1n\u00ed, kter\u00e9 vyd\u00e1v\u00e1 gener\u00e1ln\u00ed \u0159editelstv\u00ed \u00da\u0159adu pr\u00e1ce. Nejv\u00edce riskantn\u00ed je tak z pohledu koncov\u00e9ho zam\u011bstnavatele to, \u017ee spolupr\u00e1ci mus\u00ed nav\u00e1zat se seri\u00f3zn\u00edm zprost\u0159edkovatelem.                                                                                                                                                                                                                                                                                                                                                                                          4.5\/5 - (4 votes)        "},{"@context":"https:\/\/schema.org\/","@type":"BreadcrumbList","itemListElement":[{"@type":"ListItem","position":1,"name":"Jak\u00fd je rozd\u00edl mezi kmenov\u00fdmi a agenturn\u00edmi zam\u011bstnanci","item":"https:\/\/www.arnnex.cz\/jaky-je-rozdil-mezi-kmenovymi-a-agenturnimi-zamestnanci\/#breadcrumbitem"}]}]