[{"@context":"https:\/\/schema.org\/","@type":"Article","@id":"https:\/\/www.arnnex.cz\/jsou-kratke-svatebni-saty-vhodne\/#Article","mainEntityOfPage":"https:\/\/www.arnnex.cz\/jsou-kratke-svatebni-saty-vhodne\/","headline":"Jsou kr\u00e1tk\u00e9 svatebn\u00ed \u0161aty vhodn\u00e9?","name":"Jsou kr\u00e1tk\u00e9 svatebn\u00ed \u0161aty vhodn\u00e9?","description":"Nen\u00ed pochyb o tom, \u017ee svatba je jednou z nejv\u011bt\u0161\u00edch ud\u00e1lost\u00ed v \u017eivot\u011b ka\u017ed\u00e9ho \u010dlov\u011bka. Av\u0161ak jako v\u0161e ostatn\u00ed, i ona podl\u00e9h\u00e1 m\u00f3dn\u00edm trend\u016fm, a to a\u0165 u\u017e se to t\u00fdk\u00e1 samotn\u00e9ho ob\u0159adu, m\u00edsta kon\u00e1n\u00ed \u010di oble\u010den\u00ed jak svatebn\u00edch host\u016f, tak \u017eenicha a nev\u011bsty. P\u0159esto v\u0161ak a\u017e dodnes plat\u00ed, \u017ee se jedn\u00e1 o v\u00fdznamnou ud\u00e1lost &hellip; <div class=\"link-more\"><a href=\"https:\/\/www.arnnex.cz\/jsou-kratke-svatebni-saty-vhodne\/\" class=\"more-link\">Read More<span class=\"screen-reader-text\"> \"Jsou kr\u00e1tk\u00e9 svatebn\u00ed \u0161aty vhodn\u00e9?\"<\/span><\/a><\/div>","datePublished":"2020-08-11","dateModified":"2023-05-02","author":{"@type":"Person","@id":"https:\/\/www.arnnex.cz\/author\/#Person","name":"","url":"https:\/\/www.arnnex.cz\/author\/","identifier":1,"image":{"@type":"ImageObject","@id":"https:\/\/secure.gravatar.com\/avatar\/f3f77307dfb7a1a6ad06d8ef95ed6ed296a0507575d3814dc8c8630c3a7fa477?s=96&d=mm&r=g","url":"https:\/\/secure.gravatar.com\/avatar\/f3f77307dfb7a1a6ad06d8ef95ed6ed296a0507575d3814dc8c8630c3a7fa477?s=96&d=mm&r=g","height":96,"width":96}},"publisher":{"@type":"Organization","name":"arnnex.cz","logo":{"@type":"ImageObject","@id":"\/logo.png","url":"\/logo.png","width":600,"height":60}},"image":{"@type":"ImageObject","@id":"https:\/\/www.arnnex.cz\/wp-content\/uploads\/saty1_1.jpg","url":"https:\/\/www.arnnex.cz\/wp-content\/uploads\/saty1_1.jpg","height":0,"width":0},"url":"https:\/\/www.arnnex.cz\/jsou-kratke-svatebni-saty-vhodne\/","about":["N\u00e1kupy"],"wordCount":436,"articleBody":"   Nen\u00ed pochyb o tom, \u017ee svatba je jednou z nejv\u011bt\u0161\u00edch ud\u00e1lost\u00ed v \u017eivot\u011b ka\u017ed\u00e9ho \u010dlov\u011bka. Av\u0161ak jako v\u0161e ostatn\u00ed, i ona podl\u00e9h\u00e1 m\u00f3dn\u00edm trend\u016fm, a to a\u0165 u\u017e se to t\u00fdk\u00e1 samotn\u00e9ho ob\u0159adu, m\u00edsta kon\u00e1n\u00ed \u010di oble\u010den\u00ed jak svatebn\u00edch host\u016f, tak \u017eenicha a nev\u011bsty.P\u0159esto v\u0161ak a\u017e dodnes plat\u00ed, \u017ee se jedn\u00e1 o v\u00fdznamnou ud\u00e1lost a podle toho bychom se m\u011bli tak\u00e9 strojit. \u017deny obvykle p\u0159ich\u00e1z\u00ed bu\u010f v \u0161atech, nebo kost\u00fdmku, mu\u017ei pak v saku a ko\u0161ili. Nev\u011bsta by pak m\u011bla b\u00fdt ze v\u0161ech nejl\u00e9pe oble\u010den\u00e1 a p\u0159itahovat co nejv\u011bt\u0161\u00ed pozornost.I proto jsou obvykl\u00e9 nad\u00fdchan\u00e9, bohat\u011b zdoben\u00e9 \u0161aty. Jejich barva je pak obvykle b\u00edl\u00e1. To m\u00e1 symbolizovat \u010distotu, i kdy\u017e v\u011bt\u0161ina lid\u00ed ji\u017e o tomto v\u00fdznamu ani nev\u00ed. Proto se do b\u00edl\u00e9 stroj\u00ed i nev\u011bsty, kter\u00e9 ji\u017e pannami nejsou.Ov\u0161em jak\u00fd typ \u0161at\u016f je vhodn\u00fd? Standardem jsou samoz\u0159ejm\u011b ty dlouh\u00e9, nad\u00fdchan\u00e9, kdy je vle\u010dka tak dlouh\u00e1, \u017ee ji bu\u010f nesou dru\u017ei\u010dky, nebo ji nev\u011bsta t\u00e1hne po zemi. \u010casto jsou bohat\u011b zdoben\u00e9 a vy\u0161\u00edvan\u00e9, zkr\u00e1tka v\u0161e je d\u011blan\u00e9 tak, aby nev\u011bsta co nejv\u00edce z\u00e1\u0159ila.V\u00fd\u0161e popsan\u00fd typ se hod\u00ed p\u0159edev\u0161\u00edm na velkou svatbu, kdy se sjedou i ty nejvzd\u00e1len\u011bj\u0161\u00ed p\u0159\u00edbuzn\u00ed a pozv\u00e1n je prakticky ka\u017ed\u00fd, kdo \u017eenicha \u010di nev\u011bstu alespo\u0148 trochu zn\u00e1. Ov\u0161em co kdy\u017e snoubenci cht\u011bj\u00ed m\u00edt skromn\u011bj\u0161\u00ed ob\u0159ad, jen v tom neju\u017e\u0161\u00edm rodinn\u00e9m kruhu, p\u0159\u00edpadn\u011b pouze za \u00fa\u010dasti sv\u011bdk\u016f?Zde je mo\u017en\u00e9, aby si nev\u011bsta vzala kr\u00e1tk\u00e9 svatebn\u00ed \u0161aty. Ty jsou d\u011bl\u00e1ny tak, aby sp\u00ed\u0161e ne\u017e vytv\u00e1\u0159en\u00ed dojmu samy o sob\u011b sp\u00ed\u0161e podtrhovaly nev\u011bstu a jej\u00ed figuru. Je tedy pot\u0159eba se zamyslet, zda skute\u010dn\u011b m\u00e1te vhodnou postavu pro tento typ \u0161at\u016f.Jen m\u00e1loco je toti\u017e hor\u0161\u00edho, ne\u017e kdy\u017e je nev\u011bst\u011b vid\u011bt ka\u017ed\u00fd z\u00e1hyb i ka\u017ed\u00fd fald\u00edk. A to nemus\u00ed b\u00fdt jen proto, \u017ee si vezmete \u0161patnou velikost. Je tedy dobr\u00e9 vz\u00edt si sebou na zkou\u0161en\u00ed n\u011bkoho, kdo bude up\u0159\u00edmn\u00fd a nebude v\u00e1m jen \u0159\u00edkat, \u017ee v\u00e1m v\u0161e slu\u0161\u00ed. V\u011b\u0159te mi, a\u017e se budete d\u00edvat na svatebn\u00ed video a fotografie, pak to rozhodn\u011b ocen\u00edte.                                                                                                                                                                                                                                                                                                                                                                                          3.2\/5 - (8 votes)        "},{"@context":"https:\/\/schema.org\/","@type":"BreadcrumbList","itemListElement":[{"@type":"ListItem","position":1,"name":"Jsou kr\u00e1tk\u00e9 svatebn\u00ed \u0161aty vhodn\u00e9?","item":"https:\/\/www.arnnex.cz\/jsou-kratke-svatebni-saty-vhodne\/#breadcrumbitem"}]}]