[{"@context":"https:\/\/schema.org\/","@type":"Article","@id":"https:\/\/www.arnnex.cz\/ruseni-oboru-v-cechach\/#Article","mainEntityOfPage":"https:\/\/www.arnnex.cz\/ruseni-oboru-v-cechach\/","headline":"Ru\u0161en\u00ed obor\u016f v \u010cech\u00e1ch!","name":"Ru\u0161en\u00ed obor\u016f v \u010cech\u00e1ch!","description":"Na Masarykov\u011b univerzit\u011b v Brn\u011b se ozn\u00e1milo, \u017ee obor, kter\u00fd se u\u010dil v r\u00e1mci bakal\u00e1\u0159sk\u00e9ho vzd\u011bl\u00e1v\u00e1n\u00ed, gender, spadaj\u00edc\u00ed pod fakultu soci\u00e1ln\u00edch studi\u00ed, se ru\u0161\u00ed. Toto rozhodnut\u00ed je samoz\u0159ejm\u011b ovlivn\u011bno hlavn\u011b finan\u010dn\u00ed str\u00e1nkou v\u011bci, tedy t\u00edm, \u017ee by se tento obor ekonomicky neu\u017eivil. T\u00edm se samoz\u0159ejm\u011b op\u011bt rozpoutaly velk\u00e9 diskuze, proto\u017ee mezi lidmi se te\u010f hodn\u011b &hellip; <div class=\"link-more\"><a href=\"https:\/\/www.arnnex.cz\/ruseni-oboru-v-cechach\/\" class=\"more-link\">Read More<span class=\"screen-reader-text\"> \"Ru\u0161en\u00ed obor\u016f v \u010cech\u00e1ch!\"<\/span><\/a><\/div>","datePublished":"2025-03-07","dateModified":"2023-05-02","author":{"@type":"Person","@id":"https:\/\/www.arnnex.cz\/author\/#Person","name":"","url":"https:\/\/www.arnnex.cz\/author\/","identifier":1,"image":{"@type":"ImageObject","@id":"https:\/\/secure.gravatar.com\/avatar\/f3f77307dfb7a1a6ad06d8ef95ed6ed296a0507575d3814dc8c8630c3a7fa477?s=96&d=mm&r=g","url":"https:\/\/secure.gravatar.com\/avatar\/f3f77307dfb7a1a6ad06d8ef95ed6ed296a0507575d3814dc8c8630c3a7fa477?s=96&d=mm&r=g","height":96,"width":96}},"publisher":{"@type":"Organization","name":"arnnex.cz","logo":{"@type":"ImageObject","@id":"\/logo.png","url":"\/logo.png","width":600,"height":60}},"image":{"@type":"ImageObject","@id":"https:\/\/www.arnnex.cz\/wp-content\/uploads\/img_a305257_w2144_t1516739570.jpg","url":"https:\/\/www.arnnex.cz\/wp-content\/uploads\/img_a305257_w2144_t1516739570.jpg","height":0,"width":0},"url":"https:\/\/www.arnnex.cz\/ruseni-oboru-v-cechach\/","wordCount":489,"articleBody":" Na Masarykov\u011b univerzit\u011b v Brn\u011b se ozn\u00e1milo, \u017ee obor, kter\u00fd se u\u010dil v r\u00e1mci bakal\u00e1\u0159sk\u00e9ho vzd\u011bl\u00e1v\u00e1n\u00ed, gender, spadaj\u00edc\u00ed pod fakultu soci\u00e1ln\u00edch studi\u00ed, se ru\u0161\u00ed. Toto rozhodnut\u00ed je samoz\u0159ejm\u011b ovlivn\u011bno hlavn\u011b finan\u010dn\u00ed str\u00e1nkou v\u011bci, tedy t\u00edm, \u017ee by se tento obor ekonomicky neu\u017eivil. T\u00edm se samoz\u0159ejm\u011b op\u011bt rozpoutaly velk\u00e9 diskuze, proto\u017ee mezi lidmi se te\u010f hodn\u011b diskutuje o sexu\u00e1ln\u00edm obt\u011b\u017eov\u00e1n\u00ed a zneu\u017e\u00edv\u00e1n\u00ed, nejen \u017een, ale samoz\u0159ejm\u011b i mu\u017e\u016f a omezen\u00ed respektive zru\u0161en\u00ed tohoto oboru je tedy zrovna v tuto chv\u00edli velmi kontroverzn\u00edm rozhodnut\u00edm. S\u00e1m o sob\u011b tento obor je kontroverzn\u00edm, proto\u017ee n\u011bkte\u0159\u00ed ho pova\u017euj\u00ed za velmi d\u016fle\u017eit\u00fd, proto\u017ee \u0159e\u0161\u00ed aktu\u00e1ln\u00ed t\u00e9mata, ale na druhou stranu existuje skupina lid\u00ed, kte\u0159\u00ed tento obor kritizuj\u00ed, proto\u017ee se zd\u00e1 b\u00fdti zbyte\u010dn\u00fdm a nen\u00ed zde jasn\u00e9 budouc\u00ed uplatn\u011bn\u00ed student\u016f absolvent\u016f tohoto oboru. Z\u00e1jem a d\u016fle\u017eitost tohoto oboru mo\u017en\u00e1 potvrzuje, respektive vyvrac\u00ed d\u016fvod, kv\u016fli kter\u00e9mu se v Brn\u011b obor ru\u0161\u00ed a to je n\u00edzk\u00fd z\u00e1jem uchaze\u010d\u016f o toto studium, kter\u00fd se ji\u017e t\u0159et\u00edm rokem sni\u017euje a sni\u017euje. \u00dapln\u011b zru\u0161en\u00e9 studium tohoto oboru v\u0161ak nen\u00ed, a pokud existuj\u00ed z\u00e1jemci o obor gender, mohou tento obor nad\u00e1le studovat a v r\u00e1mci jin\u00e9ho oboru. Obecn\u011b se d\u00e1 \u0159\u00edci, \u017ee chybou m\u016f\u017ee b\u00fdt to, \u017ee je tento obor velmi specializovan\u00fd a ka\u017edoro\u010dn\u011b m\u00e1 o tento obor z\u00e1jem p\u0159ibli\u017en\u011b dvacet uchaze\u010d\u016f, p\u0159i\u010dem\u017e studiem do dal\u0161\u00edch ro\u010dn\u00edk\u016f proch\u00e1z\u00ed t\u0159eba jen deset.  Studium by se pravd\u011bpodobn\u011b melo v budoucnosti, nejen u tohoto oboru, ub\u00edrat t\u00edm sm\u011brem, \u017ee v prvn\u00edch ro\u010dn\u00edc\u00edch budou m\u00edt studenti \u0161ir\u0161\u00ed zam\u011b\u0159en\u00ed a teprve n\u00e1sledn\u011b by se m\u011bli uhnout specializac\u00ed, kterou si vyberou, a\u0165 u\u017e to bude gender nebo jin\u00e9 specializace. V Praze nap\u0159\u00edklad tento obor z\u016fst\u00e1v\u00e1 v magistersk\u00e9m studiu a to pr\u00e1v\u011b d\u00edky tomu, \u017ee od po\u010d\u00e1tku byla zvolena cesta \u0161ir\u0161\u00edho spole\u010dn\u00e9ho studia v bakal\u00e1\u0159sk\u00e9m studiu a teprve n\u00e1sledn\u00e1 specializace v r\u00e1mci magistersk\u00e9ho studia u\u010dinila tento obor udr\u017eiteln\u00fdm. Samoz\u0159ejm\u011b existuj\u00ed dal\u0161\u00ed kontroverzn\u00ed obory, ale tento v t\u00e9to chv\u00edli pat\u0159\u00ed mezi ty, kter\u00e9 se nejv\u00edce diskutuj\u00ed nejen v \u0161irok\u00e9 ve\u0159ejnosti, ale i na odborn\u00e9 p\u016fd\u011b. Ostatn\u011b ke studiu kontroverzn\u00edch t\u00e9mat nemus\u00edme chodit ani na vysok\u00e9 \u0161koly, ale sta\u010d\u00ed, kdy\u017e se zam\u011b\u0159\u00edme na osobn\u00ed rozvoj, kter\u00fd se samoz\u0159ejm\u011b nevyu\u010duje na vysok\u00fdch \u0161kol\u00e1ch, ale ka\u017ed\u00fd z n\u00e1s si mus\u00ed svoji cestu nal\u00e9zt .                                                                                                                                                                                                                                                                                                                                                                                         4.2\/5 - (11 votes)        "},{"@context":"https:\/\/schema.org\/","@type":"BreadcrumbList","itemListElement":[{"@type":"ListItem","position":1,"name":"Ru\u0161en\u00ed obor\u016f v \u010cech\u00e1ch!","item":"https:\/\/www.arnnex.cz\/ruseni-oboru-v-cechach\/#breadcrumbitem"}]}]