[{"@context":"https:\/\/schema.org\/","@type":"Article","@id":"https:\/\/www.arnnex.cz\/vyberte-si-u-nas-nabytkove-osvetleni\/#Article","mainEntityOfPage":"https:\/\/www.arnnex.cz\/vyberte-si-u-nas-nabytkove-osvetleni\/","headline":"Vyberte si u n\u00e1s n\u00e1bytkov\u00e9 osv\u011btlen\u00ed","name":"Vyberte si u n\u00e1s n\u00e1bytkov\u00e9 osv\u011btlen\u00ed","description":"Sou\u010d\u00e1st\u00ed ka\u017ed\u00e9 rekonstrukce \u010di \u00fapln\u011b nov\u00e9 stavby je i kuchy\u0148. Z\u00e1le\u017e\u00ed na Va\u0161em vkusu, jak bude budouc\u00ed kuchy\u0148 vypadat a jej\u00edm d\u016fle\u017eit\u00fdm prvkem jsou i kuchy\u0148sk\u00e1 dv\u00ed\u0159ka. Na trhu najdete nep\u0159ebern\u00e9 mno\u017estv\u00ed r\u016fzn\u00fdch druh\u016f, av\u0161ak u n\u00e1s V\u00e1m garantujeme kvalitu za rozumnou cenu! V na\u0161\u00ed firm\u011b, kter\u00e1 funguje ji\u017e p\u0159es 13 let, db\u00e1me hned na &hellip; <div class=\"link-more\"><a href=\"https:\/\/www.arnnex.cz\/vyberte-si-u-nas-nabytkove-osvetleni\/\" class=\"more-link\">Read More<span class=\"screen-reader-text\"> \"Vyberte si u n\u00e1s n\u00e1bytkov\u00e9 osv\u011btlen\u00ed\"<\/span><\/a><\/div>","datePublished":"2025-01-01","dateModified":"2025-01-01","author":{"@type":"Person","@id":"https:\/\/www.arnnex.cz\/author\/#Person","name":"","url":"https:\/\/www.arnnex.cz\/author\/","identifier":1,"image":{"@type":"ImageObject","@id":"https:\/\/secure.gravatar.com\/avatar\/f3f77307dfb7a1a6ad06d8ef95ed6ed296a0507575d3814dc8c8630c3a7fa477?s=96&d=mm&r=g","url":"https:\/\/secure.gravatar.com\/avatar\/f3f77307dfb7a1a6ad06d8ef95ed6ed296a0507575d3814dc8c8630c3a7fa477?s=96&d=mm&r=g","height":96,"width":96}},"publisher":{"@type":"Organization","name":"arnnex.cz","logo":{"@type":"ImageObject","@id":"\/logo.png","url":"\/logo.png","width":600,"height":60}},"url":"https:\/\/www.arnnex.cz\/vyberte-si-u-nas-nabytkove-osvetleni\/","wordCount":160,"articleBody":"Sou\u010d\u00e1st\u00ed ka\u017ed\u00e9 rekonstrukce \u010di \u00fapln\u011b nov\u00e9 stavby je i kuchy\u0148. Z\u00e1le\u017e\u00ed na Va\u0161em vkusu, jak bude budouc\u00ed kuchy\u0148 vypadat a jej\u00edm d\u016fle\u017eit\u00fdm prvkem jsou i kuchy\u0148sk\u00e1 dv\u00ed\u0159ka. Na trhu najdete nep\u0159ebern\u00e9 mno\u017estv\u00ed r\u016fzn\u00fdch druh\u016f, av\u0161ak u n\u00e1s V\u00e1m garantujeme kvalitu za rozumnou cenu! V na\u0161\u00ed firm\u011b, kter\u00e1 funguje ji\u017e p\u0159es 13 let, db\u00e1me hned na n\u011bkolik v\u011bc\u00ed. Samoz\u0159ejmost\u00ed je nejvy\u0161\u0161\u00ed kvalita a kvalitn\u011b odveden\u00e1 pr\u00e1ce. Zaru\u010dujeme V\u00e1m profesion\u00e1ln\u00ed jedn\u00e1n\u00ed a ani my nezaost\u00e1v\u00e1me a jdeme s dobou! Proto i Va\u0161e dv\u00ed\u0159ka budou modern\u00ed! U n\u00e1s si m\u016f\u017eete vybrat hned z n\u011bkolika typ\u016f dv\u00ed\u0159ek. Jedn\u00edm z nich jsou i lakovan\u00e1 dv\u00ed\u0159ka. Mezi jejich p\u0159ednosti pat\u0159\u00ed nejen design, ale tak\u00e9 vysok\u00e1 odolnost v\u016f\u010di vlhkosti. Nav\u00edc 9 vrstev laku zajist\u00ed i dlouhou \u017eivotnost.                                                                                                                                                                                                                                                                                                                                                                                        3.5\/5 - (2 votes)        "},{"@context":"https:\/\/schema.org\/","@type":"BreadcrumbList","itemListElement":[{"@type":"ListItem","position":1,"name":"Vyberte si u n\u00e1s n\u00e1bytkov\u00e9 osv\u011btlen\u00ed","item":"https:\/\/www.arnnex.cz\/vyberte-si-u-nas-nabytkove-osvetleni\/#breadcrumbitem"}]}]