[{"@context":"https:\/\/schema.org\/","@type":"Article","@id":"https:\/\/www.arnnex.cz\/vysneny-uces\/#Article","mainEntityOfPage":"https:\/\/www.arnnex.cz\/vysneny-uces\/","headline":"Vysn\u011bn\u00fd \u00fa\u010des","name":"Vysn\u011bn\u00fd \u00fa\u010des","description":"P\u0159em\u00fd\u0161l\u00edte ji\u017e n\u011bjakou dobu o prodlu\u017eov\u00e1n\u00ed vlas\u016f, ale zat\u00edm jste se je\u0161t\u011b neodv\u00e1\u017eila ud\u011blat ani prvn\u00ed krok? Ji\u017e se nebojte a jd\u011bte do toho! Je na \u010dase d\u00e1t v\u011bci do pohybu. V\u017edy\u0165 v \u017eivot\u011b se m\u00e1 zkusit v\u0161echno. Vy nav\u00edc m\u016f\u017eete jen z\u00edskat super nov\u00fd \u00fa\u010des. Pokud jsou va\u0161e dosavadn\u00ed lokny bez objemu a mdl\u00e9 &hellip; <div class=\"link-more\"><a href=\"https:\/\/www.arnnex.cz\/vysneny-uces\/\" class=\"more-link\">Read More<span class=\"screen-reader-text\"> \"Vysn\u011bn\u00fd \u00fa\u010des\"<\/span><\/a><\/div>","datePublished":"2025-08-30","dateModified":"2025-08-30","author":{"@type":"Person","@id":"https:\/\/www.arnnex.cz\/author\/#Person","name":"","url":"https:\/\/www.arnnex.cz\/author\/","identifier":1,"image":{"@type":"ImageObject","@id":"https:\/\/secure.gravatar.com\/avatar\/f3f77307dfb7a1a6ad06d8ef95ed6ed296a0507575d3814dc8c8630c3a7fa477?s=96&d=mm&r=g","url":"https:\/\/secure.gravatar.com\/avatar\/f3f77307dfb7a1a6ad06d8ef95ed6ed296a0507575d3814dc8c8630c3a7fa477?s=96&d=mm&r=g","height":96,"width":96}},"publisher":{"@type":"Organization","name":"arnnex.cz","logo":{"@type":"ImageObject","@id":"\/logo.png","url":"\/logo.png","width":600,"height":60}},"url":"https:\/\/www.arnnex.cz\/vysneny-uces\/","wordCount":183,"articleBody":" P\u0159em\u00fd\u0161l\u00edte ji\u017e n\u011bjakou dobu o prodlu\u017eov\u00e1n\u00ed vlas\u016f, ale zat\u00edm jste se je\u0161t\u011b neodv\u00e1\u017eila ud\u011blat ani prvn\u00ed krok? Ji\u017e se nebojte a jd\u011bte do toho! Je na \u010dase d\u00e1t v\u011bci do pohybu. V\u017edy\u0165 v \u017eivot\u011b se m\u00e1 zkusit v\u0161echno. Vy nav\u00edc m\u016f\u017eete jen z\u00edskat super nov\u00fd \u00fa\u010des. Pokud jsou va\u0161e dosavadn\u00ed lokny bez objemu a mdl\u00e9 a vy tou\u017e\u00edte m\u00edt dlouh\u00e9 a hust\u00e9 prameny, my v\u00e1m va\u0161e p\u0159\u00e1n\u00ed spln\u00edme. A to kvalitn\u011b a levn\u011b. Pracujeme pouze s osv\u011bd\u010den\u00fdm a kvalitn\u00edm vlasov\u00fdm materi\u00e1lem, s n\u00edm\u017e m\u00e1me ji\u017e \u0159adu let zku\u0161enost\u00ed. Jd\u011bte do toho hned! Pokud st\u00e1le je\u0161t\u011b pochybujete tak v\u00e1s mohou inspirovat a p\u0159esv\u011bd\u010dit t\u0159eba ji\u017e uskute\u010dn\u011bn\u00e9 zm\u011bny \u00fa\u010des\u016f na\u0161ich klientek. Jejich galerii najdete na na\u0161em webu. Na nich m\u016f\u017eete vid\u011bt, co v\u0161e dok\u00e1\u017eeme! Dokonce k n\u00e1m chod\u00ed i zn\u00e1m\u00e9 \u010desk\u00e9 osobnosti!                                                                                                                                                                                                                                                                                                                                                                                                "},{"@context":"https:\/\/schema.org\/","@type":"BreadcrumbList","itemListElement":[{"@type":"ListItem","position":1,"name":"Vysn\u011bn\u00fd \u00fa\u010des","item":"https:\/\/www.arnnex.cz\/vysneny-uces\/#breadcrumbitem"}]}]